{"id":16725,"date":"2025-06-12T10:55:50","date_gmt":"2025-06-12T08:55:50","guid":{"rendered":"https:\/\/www.ballot-flurin.com\/blog\/?p=16725"},"modified":"2025-06-12T13:57:42","modified_gmt":"2025-06-12T11:57:42","slug":"%f0%9f%90%9d-les-journees-internationales-de-labeille-2025-deux-jours-vibrants-de-transmission-de-joie-et-de-partage","status":"publish","type":"post","link":"https:\/\/www.ballot-flurin.com\/blog\/%f0%9f%90%9d-les-journees-internationales-de-labeille-2025-deux-jours-vibrants-de-transmission-de-joie-et-de-partage\/","title":{"rendered":"Les Journ\u00e9es Internationales de l\u2019Abeille 2025 : Deux jours vibrants de transmission, de joie et de partage"},"content":{"rendered":"<p>Les 6 et 7 juin 2025, Ballot-Flurin a accueilli \u00e0 Maubourguet la <strong>toute premi\u00e8re \u00e9dition des Journ\u00e9es Internationales de l\u2019Abeille<\/strong>, une rencontre in\u00e9dite et symbiotique entre l\u2019<strong>Abeille et l\u2019Humain<\/strong>, pour explorer la science de ce petit peuple et r\u00e9v\u00e9ler leurs pouvoirs vivants et bienfaisants au service de la sant\u00e9 de demain. Un \u00e9v\u00e9nement ambitieux et profond\u00e9ment humain, n\u00e9 de l\u2019\u00e9lan port\u00e9 par l\u2019\u00e9quipe Ballot-Flurin et nourri par une communaut\u00e9 engag\u00e9e.<\/p>\n<h2>&#x1f393; 6 juin \u2014 1<sup>er<\/sup> Congr\u00e8s International de l\u2019Abeille et de l\u2019Apith\u00e9rapie : une impulsion fondatrice<\/h2>\n<p>\nCe tout premier congr\u00e8s a su convaincre par la profondeur de ses contenus et l\u2019intelligence de ses \u00e9changes. Il a rassembl\u00e9 plus de 200 participants \u2014 th\u00e9rapeutes, chercheurs, apiculteurs, soignants, et curieux \u00e9clair\u00e9s \u2014 venus explorer les bienfaits de l\u2019apith\u00e9rapie sous toutes ses formes : scientifiques, \u00e9nerg\u00e9tiques, \u00e9thiques.<\/p>\n<p><strong><\/p>\n<p>Parmi les temps forts : <\/p>\n<p><\/strong><\/p>\n<p>Des conf\u00e9rences de haut niveau, port\u00e9es par des figures de r\u00e9f\u00e9rence : <em><strong>Catherine Flurin, Stefan Stangaciu, Jean-Christophe Charri\u00e9,  Martin Giurfa, Vincent Girod, St\u00e9phane Bonnet<\/strong><\/em>. Des th\u00e9matiques ancr\u00e9es dans l\u2019actualit\u00e9 de la sant\u00e9 int\u00e9grative : <em>immunit\u00e9, microbiote, stress, cognition, \u00e9thique apicole<\/em>. <\/p>\n<h3>Un esprit de transmission et de bienveillance unanimement salu\u00e9 par les intervenants.<\/h3>\n<blockquote><p>&#x1f4ac; \u00ab Ce congr\u00e8s a mis en lumi\u00e8re une apiculture vivante et tourn\u00e9e vers l\u2019avenir. \u00bb \u2014 Vincent Girod<\/p><\/blockquote>\n<blockquote><p> &#x1f4ac; \u00ab Une organisation soign\u00e9e, un accueil chaleureux, des \u00e9changes profonds : un mod\u00e8le du genre. \u00bb \u2014 St\u00e9phane Bonnet<\/p><\/blockquote>\n<p>Ce congr\u00e8s pose les bases d\u2019une vision coh\u00e9rente et cr\u00e9dible de l\u2019apith\u00e9rapie comme pilier de la sant\u00e9 naturelle, alliant savoir ancestral, recherche moderne et \u00e9thique du vivant.<\/p>\n<p><img loading=\"lazy\" decoding=\"async\" src=\"https:\/\/www.ballot-flurin.com\/blog\/wp-content\/uploads\/congressss.jpg\" alt=\"\" width=\"1200\" height=\"405\" class=\"aligncenter size-full wp-image-16732\" srcset=\"https:\/\/www.ballot-flurin.com\/blog\/wp-content\/uploads\/congressss.jpg 1200w, https:\/\/www.ballot-flurin.com\/blog\/wp-content\/uploads\/congressss-980x331.jpg 980w, https:\/\/www.ballot-flurin.com\/blog\/wp-content\/uploads\/congressss-1024x346.jpg 1024w, https:\/\/www.ballot-flurin.com\/blog\/wp-content\/uploads\/congressss-768x259.jpg 768w\" sizes=\"auto, (max-width: 1200px) 100vw, 1200px\" \/><\/p>\n<h2>&#x1f33c; 7 juin \u2014 Une Bee Factory en effervescence pour c\u00e9l\u00e9brer la ruche vivante<\/h2>\n<p>Le samedi, plus de 1000 visiteurs ont franchi les portes de la <strong>Bee Factory<\/strong> pour une journ\u00e9e festive, immersive et interg\u00e9n\u00e9rationnelle. De 10h \u00e0 22h, les stands, ateliers et espaces de soin ont vibr\u00e9 au rythme des rencontres, des rires et de la transmission.<\/p>\n<p><strong><\/p>\n<p>Parmi les temps forts :<\/p>\n<p><\/strong><\/p>\n<ul>\n<li>Des animations cr\u00e9atives et ludiques pour petits et grands : <em>cyanotype, poterie, origami, jeux en bois g\u00e9ants\u2026<\/em><\/li>\n<li><strong>Un espace bien-\u00eatre tr\u00e8s pris\u00e9 :<\/strong> <em>r\u00e9flexologie, auto-massage, relaxation guid\u00e9e, et une s\u00e9ance inspirante de Yoga des Abeilles anim\u00e9e par Catherine Flurin<\/em>.<\/li>\n<li><strong>Des causeries passionnantes autour de l\u2019apith\u00e9rapie<\/strong> et la sant\u00e9 naturelle : l\u2019<em>immunit\u00e9, du stress et du fameux \u201cCode des Abeilles\u201d<\/em> qui ont captiv\u00e9 un public avide de sens et d\u2019\u00e9changes.<\/li>\n<li>Une restauration locale et engag\u00e9e, un march\u00e9 d\u2019artisans foisonnant, et des enfants partout : maquill\u00e9s, joyeux, curieux.<\/li>\n<\/ul>\n<p>\nLa journ\u00e9e s\u2019est conclue dans la douceur d\u2019un concert sous les \u00e9toiles, o\u00f9 la musique a prolong\u00e9 l\u2019\u00e9lan du c\u0153ur et l\u2019esprit de la ruche.<br \/>\n&#x1f49b; Une journ\u00e9e g\u00e9n\u00e9reuse, joyeuse, et profond\u00e9ment vivante \u2014 \u00e0 l\u2019image de ce que nous r\u00eavons de b\u00e2tir ensemble.<\/p>\n<p><img loading=\"lazy\" decoding=\"async\" src=\"https:\/\/www.ballot-flurin.com\/blog\/wp-content\/uploads\/jdaa.jpg\" alt=\"\" width=\"1200\" height=\"200\" class=\"aligncenter size-full wp-image-16735\" srcset=\"https:\/\/www.ballot-flurin.com\/blog\/wp-content\/uploads\/jdaa.jpg 1200w, https:\/\/www.ballot-flurin.com\/blog\/wp-content\/uploads\/jdaa-980x163.jpg 980w, https:\/\/www.ballot-flurin.com\/blog\/wp-content\/uploads\/jdaa-1024x171.jpg 1024w, https:\/\/www.ballot-flurin.com\/blog\/wp-content\/uploads\/jdaa-768x128.jpg 768w\" sizes=\"auto, (max-width: 1200px) 100vw, 1200px\" \/><\/p>\n<h2>&#x1f41d; Et maintenant ?<\/h2>\n<p>Ces deux jours auront marqu\u00e9 les esprits, sem\u00e9 des graines de conscience, et nourri un imaginaire collectif autour de l\u2019abeille, du soin et du vivant. L\u2019\u00e9motion, la richesse des \u00e9changes, la beaut\u00e9 des rencontres : tout nous pousse \u00e0 poursuivre cette aventure.<br \/>\nNous repartons remplis de <strong>gratitude<\/strong>, d\u2019enseignements et d\u2019<strong>enthousiasme<\/strong>.<\/p>\n<p>Et d\u00e9j\u00e0, une question revient dans les bouches et les c\u0153urs :<br \/>\n<strong> \u00ab \u00c0 quand la prochaine \u00e9dition ? \u00bb<\/strong><br \/>\nAlors oui, l\u2019histoire des Journ\u00e9es Internationales de l\u2019Abeille ne fait que commencer.<\/p>\n<p>\n Ensemble, faisons de cette premi\u00e8re \u00e9dition le socle d\u2019un rendez-vous annuel, de plus en plus vivant, rayonnant et f\u00e9d\u00e9rateur.<br \/>\n&#x1f33f; Restez connect\u00e9s. R\u00eavons, pr\u00e9parons, et butinons\u2026 vers 2026.<\/p>\n","protected":false},"excerpt":{"rendered":"<p>Les 6 et 7 juin 2025, Ballot-Flurin a accueilli \u00e0 Maubourguet la toute premi\u00e8re \u00e9dition des Journ\u00e9es Internationales de l\u2019Abeille, une rencontre in\u00e9dite et symbiotique entre l\u2019Abeille et l\u2019Humain, pour explorer la science de ce petit peuple et r\u00e9v\u00e9ler leurs pouvoirs vivants et bienfaisants au service de la sant\u00e9 de demain. Un \u00e9v\u00e9nement ambitieux et&hellip; <a class=\"more-link\" href=\"https:\/\/www.ballot-flurin.com\/blog\/%f0%9f%90%9d-les-journees-internationales-de-labeille-2025-deux-jours-vibrants-de-transmission-de-joie-et-de-partage\/\">Poursuivre la lecture<\/a><\/p>\n","protected":false},"author":1,"featured_media":16727,"comment_status":"open","ping_status":"open","sticky":false,"template":"","format":"standard","meta":{"footnotes":""},"categories":[10],"tags":[],"class_list":["post-16725","post","type-post","status-publish","format-standard","has-post-thumbnail","hentry","category-rencontres-evenements","entry"],"yoast_head":"<!-- This site is optimized with the Yoast SEO plugin v24.0 - https:\/\/yoast.com\/wordpress\/plugins\/seo\/ -->\n<title>Les Journ\u00e9es Internationales de l\u2019Abeille 2025 : Deux jours vibrants de transmission, de joie et de partage - blog<\/title>\n<meta name=\"description\" content=\"Retour sur le 1er Congr\u00e8s d&#039;Apith\u00e9rapie et la Journ\u00e9e festive \u00e0 la Bee Factory, entre savoir, bien-\u00eatre et joie partag\u00e9e.\" \/>\n<meta name=\"robots\" content=\"index, follow, max-snippet:-1, max-image-preview:large, max-video-preview:-1\" \/>\n<link rel=\"canonical\" href=\"https:\/\/www.ballot-flurin.com\/blog\/\ud83d\udc1d-les-journees-internationales-de-labeille-2025-deux-jours-vibrants-de-transmission-de-joie-et-de-partage\/\" \/>\n<meta property=\"og:locale\" content=\"fr_FR\" \/>\n<meta property=\"og:type\" content=\"article\" \/>\n<meta property=\"og:title\" content=\"Les Journ\u00e9es Internationales de l\u2019Abeille 2025 : Deux jours vibrants de transmission, de joie et de partage - blog\" \/>\n<meta property=\"og:description\" content=\"Retour sur le 1er Congr\u00e8s d&#039;Apith\u00e9rapie et la Journ\u00e9e festive \u00e0 la Bee Factory, entre savoir, bien-\u00eatre et joie partag\u00e9e.\" \/>\n<meta property=\"og:url\" content=\"https:\/\/www.ballot-flurin.com\/blog\/\ud83d\udc1d-les-journees-internationales-de-labeille-2025-deux-jours-vibrants-de-transmission-de-joie-et-de-partage\/\" \/>\n<meta property=\"og:site_name\" content=\"Actualit\u00e9s Ballot-Flurin\" \/>\n<meta property=\"article:published_time\" content=\"2025-06-12T08:55:50+00:00\" \/>\n<meta property=\"article:modified_time\" content=\"2025-06-12T11:57:42+00:00\" \/>\n<meta property=\"og:image\" content=\"https:\/\/www.ballot-flurin.com\/blog\/wp-content\/uploads\/congres.jpg\" \/>\n\t<meta property=\"og:image:width\" content=\"980\" \/>\n\t<meta property=\"og:image:height\" content=\"630\" \/>\n\t<meta property=\"og:image:type\" content=\"image\/jpeg\" \/>\n<meta name=\"author\" content=\"clubweb\" \/>\n<meta name=\"twitter:card\" content=\"summary_large_image\" \/>\n<meta name=\"twitter:label1\" content=\"\u00c9crit par\" \/>\n\t<meta name=\"twitter:data1\" content=\"clubweb\" \/>\n\t<meta name=\"twitter:label2\" content=\"Dur\u00e9e de lecture estim\u00e9e\" \/>\n\t<meta name=\"twitter:data2\" content=\"3 minutes\" \/>\n<script type=\"application\/ld+json\" class=\"yoast-schema-graph\">{\"@context\":\"https:\/\/schema.org\",\"@graph\":[{\"@type\":\"WebPage\",\"@id\":\"https:\/\/www.ballot-flurin.com\/blog\/%f0%9f%90%9d-les-journees-internationales-de-labeille-2025-deux-jours-vibrants-de-transmission-de-joie-et-de-partage\/\",\"url\":\"https:\/\/www.ballot-flurin.com\/blog\/%f0%9f%90%9d-les-journees-internationales-de-labeille-2025-deux-jours-vibrants-de-transmission-de-joie-et-de-partage\/\",\"name\":\"Les Journ\u00e9es Internationales de l\u2019Abeille 2025 : Deux jours vibrants de transmission, de joie et de partage - blog\",\"isPartOf\":{\"@id\":\"https:\/\/www.ballot-flurin.com\/blog\/#website\"},\"primaryImageOfPage\":{\"@id\":\"https:\/\/www.ballot-flurin.com\/blog\/%f0%9f%90%9d-les-journees-internationales-de-labeille-2025-deux-jours-vibrants-de-transmission-de-joie-et-de-partage\/#primaryimage\"},\"image\":{\"@id\":\"https:\/\/www.ballot-flurin.com\/blog\/%f0%9f%90%9d-les-journees-internationales-de-labeille-2025-deux-jours-vibrants-de-transmission-de-joie-et-de-partage\/#primaryimage\"},\"thumbnailUrl\":\"https:\/\/www.ballot-flurin.com\/blog\/wp-content\/uploads\/congres.jpg\",\"datePublished\":\"2025-06-12T08:55:50+00:00\",\"dateModified\":\"2025-06-12T11:57:42+00:00\",\"author\":{\"@id\":\"https:\/\/www.ballot-flurin.com\/blog\/#\/schema\/person\/006b7c7720a89deddd252dad20ef588e\"},\"description\":\"Retour sur le 1er Congr\u00e8s d'Apith\u00e9rapie et la Journ\u00e9e festive \u00e0 la Bee Factory, entre savoir, bien-\u00eatre et joie partag\u00e9e.\",\"breadcrumb\":{\"@id\":\"https:\/\/www.ballot-flurin.com\/blog\/%f0%9f%90%9d-les-journees-internationales-de-labeille-2025-deux-jours-vibrants-de-transmission-de-joie-et-de-partage\/#breadcrumb\"},\"inLanguage\":\"fr-FR\",\"potentialAction\":[{\"@type\":\"ReadAction\",\"target\":[\"https:\/\/www.ballot-flurin.com\/blog\/%f0%9f%90%9d-les-journees-internationales-de-labeille-2025-deux-jours-vibrants-de-transmission-de-joie-et-de-partage\/\"]}]},{\"@type\":\"ImageObject\",\"inLanguage\":\"fr-FR\",\"@id\":\"https:\/\/www.ballot-flurin.com\/blog\/%f0%9f%90%9d-les-journees-internationales-de-labeille-2025-deux-jours-vibrants-de-transmission-de-joie-et-de-partage\/#primaryimage\",\"url\":\"https:\/\/www.ballot-flurin.com\/blog\/wp-content\/uploads\/congres.jpg\",\"contentUrl\":\"https:\/\/www.ballot-flurin.com\/blog\/wp-content\/uploads\/congres.jpg\",\"width\":980,\"height\":630},{\"@type\":\"BreadcrumbList\",\"@id\":\"https:\/\/www.ballot-flurin.com\/blog\/%f0%9f%90%9d-les-journees-internationales-de-labeille-2025-deux-jours-vibrants-de-transmission-de-joie-et-de-partage\/#breadcrumb\",\"itemListElement\":[{\"@type\":\"ListItem\",\"position\":1,\"name\":\"Accueil\",\"item\":\"https:\/\/www.ballot-flurin.com\/blog\/\"},{\"@type\":\"ListItem\",\"position\":2,\"name\":\"Les Journ\u00e9es Internationales de l\u2019Abeille 2025 : Deux jours vibrants de transmission, de joie et de partage\"}]},{\"@type\":\"WebSite\",\"@id\":\"https:\/\/www.ballot-flurin.com\/blog\/#website\",\"url\":\"https:\/\/www.ballot-flurin.com\/blog\/\",\"name\":\"Actualit\u00e9s Ballot-Flurin\",\"description\":\"Voir notre blog\",\"potentialAction\":[{\"@type\":\"SearchAction\",\"target\":{\"@type\":\"EntryPoint\",\"urlTemplate\":\"https:\/\/www.ballot-flurin.com\/blog\/?s={search_term_string}\"},\"query-input\":{\"@type\":\"PropertyValueSpecification\",\"valueRequired\":true,\"valueName\":\"search_term_string\"}}],\"inLanguage\":\"fr-FR\"},{\"@type\":\"Person\",\"@id\":\"https:\/\/www.ballot-flurin.com\/blog\/#\/schema\/person\/006b7c7720a89deddd252dad20ef588e\",\"name\":\"clubweb\",\"image\":{\"@type\":\"ImageObject\",\"inLanguage\":\"fr-FR\",\"@id\":\"https:\/\/www.ballot-flurin.com\/blog\/#\/schema\/person\/image\/\",\"url\":\"https:\/\/secure.gravatar.com\/avatar\/025b8676ccd5df65b0199f1d48f818f1fcfb7cd9238d669caa9e84676fd88ead?s=96&d=mm&r=g\",\"contentUrl\":\"https:\/\/secure.gravatar.com\/avatar\/025b8676ccd5df65b0199f1d48f818f1fcfb7cd9238d669caa9e84676fd88ead?s=96&d=mm&r=g\",\"caption\":\"clubweb\"},\"sameAs\":[\"http:\/\/prestabee.ballot-flurin.com\/blog\"],\"url\":\"https:\/\/www.ballot-flurin.com\/blog\/author\/clubweb\/\"}]}<\/script>\n<!-- \/ Yoast SEO plugin. -->","yoast_head_json":{"title":"Les Journ\u00e9es Internationales de l\u2019Abeille 2025 : Deux jours vibrants de transmission, de joie et de partage - blog","description":"Retour sur le 1er Congr\u00e8s d'Apith\u00e9rapie et la Journ\u00e9e festive \u00e0 la Bee Factory, entre savoir, bien-\u00eatre et joie partag\u00e9e.","robots":{"index":"index","follow":"follow","max-snippet":"max-snippet:-1","max-image-preview":"max-image-preview:large","max-video-preview":"max-video-preview:-1"},"canonical":"https:\/\/www.ballot-flurin.com\/blog\/\ud83d\udc1d-les-journees-internationales-de-labeille-2025-deux-jours-vibrants-de-transmission-de-joie-et-de-partage\/","og_locale":"fr_FR","og_type":"article","og_title":"Les Journ\u00e9es Internationales de l\u2019Abeille 2025 : Deux jours vibrants de transmission, de joie et de partage - blog","og_description":"Retour sur le 1er Congr\u00e8s d'Apith\u00e9rapie et la Journ\u00e9e festive \u00e0 la Bee Factory, entre savoir, bien-\u00eatre et joie partag\u00e9e.","og_url":"https:\/\/www.ballot-flurin.com\/blog\/\ud83d\udc1d-les-journees-internationales-de-labeille-2025-deux-jours-vibrants-de-transmission-de-joie-et-de-partage\/","og_site_name":"Actualit\u00e9s Ballot-Flurin","article_published_time":"2025-06-12T08:55:50+00:00","article_modified_time":"2025-06-12T11:57:42+00:00","og_image":[{"width":980,"height":630,"url":"https:\/\/www.ballot-flurin.com\/blog\/wp-content\/uploads\/congres.jpg","type":"image\/jpeg"}],"author":"clubweb","twitter_card":"summary_large_image","twitter_misc":{"\u00c9crit par":"clubweb","Dur\u00e9e de lecture estim\u00e9e":"3 minutes"},"schema":{"@context":"https:\/\/schema.org","@graph":[{"@type":"WebPage","@id":"https:\/\/www.ballot-flurin.com\/blog\/%f0%9f%90%9d-les-journees-internationales-de-labeille-2025-deux-jours-vibrants-de-transmission-de-joie-et-de-partage\/","url":"https:\/\/www.ballot-flurin.com\/blog\/%f0%9f%90%9d-les-journees-internationales-de-labeille-2025-deux-jours-vibrants-de-transmission-de-joie-et-de-partage\/","name":"Les Journ\u00e9es Internationales de l\u2019Abeille 2025 : Deux jours vibrants de transmission, de joie et de partage - blog","isPartOf":{"@id":"https:\/\/www.ballot-flurin.com\/blog\/#website"},"primaryImageOfPage":{"@id":"https:\/\/www.ballot-flurin.com\/blog\/%f0%9f%90%9d-les-journees-internationales-de-labeille-2025-deux-jours-vibrants-de-transmission-de-joie-et-de-partage\/#primaryimage"},"image":{"@id":"https:\/\/www.ballot-flurin.com\/blog\/%f0%9f%90%9d-les-journees-internationales-de-labeille-2025-deux-jours-vibrants-de-transmission-de-joie-et-de-partage\/#primaryimage"},"thumbnailUrl":"https:\/\/www.ballot-flurin.com\/blog\/wp-content\/uploads\/congres.jpg","datePublished":"2025-06-12T08:55:50+00:00","dateModified":"2025-06-12T11:57:42+00:00","author":{"@id":"https:\/\/www.ballot-flurin.com\/blog\/#\/schema\/person\/006b7c7720a89deddd252dad20ef588e"},"description":"Retour sur le 1er Congr\u00e8s d'Apith\u00e9rapie et la Journ\u00e9e festive \u00e0 la Bee Factory, entre savoir, bien-\u00eatre et joie partag\u00e9e.","breadcrumb":{"@id":"https:\/\/www.ballot-flurin.com\/blog\/%f0%9f%90%9d-les-journees-internationales-de-labeille-2025-deux-jours-vibrants-de-transmission-de-joie-et-de-partage\/#breadcrumb"},"inLanguage":"fr-FR","potentialAction":[{"@type":"ReadAction","target":["https:\/\/www.ballot-flurin.com\/blog\/%f0%9f%90%9d-les-journees-internationales-de-labeille-2025-deux-jours-vibrants-de-transmission-de-joie-et-de-partage\/"]}]},{"@type":"ImageObject","inLanguage":"fr-FR","@id":"https:\/\/www.ballot-flurin.com\/blog\/%f0%9f%90%9d-les-journees-internationales-de-labeille-2025-deux-jours-vibrants-de-transmission-de-joie-et-de-partage\/#primaryimage","url":"https:\/\/www.ballot-flurin.com\/blog\/wp-content\/uploads\/congres.jpg","contentUrl":"https:\/\/www.ballot-flurin.com\/blog\/wp-content\/uploads\/congres.jpg","width":980,"height":630},{"@type":"BreadcrumbList","@id":"https:\/\/www.ballot-flurin.com\/blog\/%f0%9f%90%9d-les-journees-internationales-de-labeille-2025-deux-jours-vibrants-de-transmission-de-joie-et-de-partage\/#breadcrumb","itemListElement":[{"@type":"ListItem","position":1,"name":"Accueil","item":"https:\/\/www.ballot-flurin.com\/blog\/"},{"@type":"ListItem","position":2,"name":"Les Journ\u00e9es Internationales de l\u2019Abeille 2025 : Deux jours vibrants de transmission, de joie et de partage"}]},{"@type":"WebSite","@id":"https:\/\/www.ballot-flurin.com\/blog\/#website","url":"https:\/\/www.ballot-flurin.com\/blog\/","name":"Actualit\u00e9s Ballot-Flurin","description":"Voir notre blog","potentialAction":[{"@type":"SearchAction","target":{"@type":"EntryPoint","urlTemplate":"https:\/\/www.ballot-flurin.com\/blog\/?s={search_term_string}"},"query-input":{"@type":"PropertyValueSpecification","valueRequired":true,"valueName":"search_term_string"}}],"inLanguage":"fr-FR"},{"@type":"Person","@id":"https:\/\/www.ballot-flurin.com\/blog\/#\/schema\/person\/006b7c7720a89deddd252dad20ef588e","name":"clubweb","image":{"@type":"ImageObject","inLanguage":"fr-FR","@id":"https:\/\/www.ballot-flurin.com\/blog\/#\/schema\/person\/image\/","url":"https:\/\/secure.gravatar.com\/avatar\/025b8676ccd5df65b0199f1d48f818f1fcfb7cd9238d669caa9e84676fd88ead?s=96&d=mm&r=g","contentUrl":"https:\/\/secure.gravatar.com\/avatar\/025b8676ccd5df65b0199f1d48f818f1fcfb7cd9238d669caa9e84676fd88ead?s=96&d=mm&r=g","caption":"clubweb"},"sameAs":["http:\/\/prestabee.ballot-flurin.com\/blog"],"url":"https:\/\/www.ballot-flurin.com\/blog\/author\/clubweb\/"}]}},"_links":{"self":[{"href":"https:\/\/www.ballot-flurin.com\/blog\/wp-json\/wp\/v2\/posts\/16725","targetHints":{"allow":["GET"]}}],"collection":[{"href":"https:\/\/www.ballot-flurin.com\/blog\/wp-json\/wp\/v2\/posts"}],"about":[{"href":"https:\/\/www.ballot-flurin.com\/blog\/wp-json\/wp\/v2\/types\/post"}],"author":[{"embeddable":true,"href":"https:\/\/www.ballot-flurin.com\/blog\/wp-json\/wp\/v2\/users\/1"}],"replies":[{"embeddable":true,"href":"https:\/\/www.ballot-flurin.com\/blog\/wp-json\/wp\/v2\/comments?post=16725"}],"version-history":[{"count":11,"href":"https:\/\/www.ballot-flurin.com\/blog\/wp-json\/wp\/v2\/posts\/16725\/revisions"}],"predecessor-version":[{"id":16739,"href":"https:\/\/www.ballot-flurin.com\/blog\/wp-json\/wp\/v2\/posts\/16725\/revisions\/16739"}],"wp:featuredmedia":[{"embeddable":true,"href":"https:\/\/www.ballot-flurin.com\/blog\/wp-json\/wp\/v2\/media\/16727"}],"wp:attachment":[{"href":"https:\/\/www.ballot-flurin.com\/blog\/wp-json\/wp\/v2\/media?parent=16725"}],"wp:term":[{"taxonomy":"category","embeddable":true,"href":"https:\/\/www.ballot-flurin.com\/blog\/wp-json\/wp\/v2\/categories?post=16725"},{"taxonomy":"post_tag","embeddable":true,"href":"https:\/\/www.ballot-flurin.com\/blog\/wp-json\/wp\/v2\/tags?post=16725"}],"curies":[{"name":"wp","href":"https:\/\/api.w.org\/{rel}","templated":true}]}}