{"id":13694,"date":"2020-06-17T12:17:00","date_gmt":"2020-06-17T12:17:00","guid":{"rendered":"https:\/\/www.ballot-flurin.com\/blog\/?p=13694"},"modified":"2022-11-08T11:51:19","modified_gmt":"2022-11-08T10:51:19","slug":"plantes-melliferes-de-vallee-cambasque","status":"publish","type":"post","link":"https:\/\/www.ballot-flurin.com\/blog\/plantes-melliferes-de-vallee-cambasque\/","title":{"rendered":"Les plantes mellif\u00e8res de la vall\u00e9e du Cambasque"},"content":{"rendered":"<h2>La vall\u00e9e du Cambasque \u00e0 Cauterets offre un biotope particuli\u00e8rement remarquable pour les abeilles.<\/h2>\n<h3>Une vall\u00e9e remplie d&rsquo;histoire<\/h3>\n<p>Perch\u00e9e \u00e0 1300 m\u00e8tres d&rsquo;altitude \u00e0 la confluence des gaves d&rsquo;Ilh\u00e9ou et du Lis, cette ancienne vall\u00e9e glaciaire orient\u00e9e Ouest-Est accueille une flore mellif\u00e8re tr\u00e8s abondante et vari\u00e9e. Cette vall\u00e9e tire son nom de l&rsquo;ancien campement qu&rsquo;\u00e9tablissaient les marchands Basques en transit vers la vall\u00e9e Marcadau (le march\u00e9 en patois) par le col de Porcabara, o\u00f9 ils \u00e9changeaient avec les aragonais. En bordure du Parc National, le Cambasque avec ses versants en soulane (sud) et ombr\u00e9e (nord) offre une v\u00e9g\u00e9tation riche et vari\u00e9e favorable aux pollinisateurs.<\/p>\n<h3>Le Rhododendron cette plante fabuleuse<\/h3>\n<p>En versant Nord, d\u00e8s la fin mai, fleurit le fameux rhododendron ferrugineux de la famille des \u00e9ricacees.<br \/>\nCaract\u00e9ristique des Pyr\u00e9n\u00e9es, cet arbrisseau dont la plante est r\u00e9put\u00e9e toxique offre pourtant un nectar particuli\u00e8rement favorable aux abeilles qui en raffolent. Les fleurs du rhododendron ferrugineux, tr\u00e8s diff\u00e9rentes du rhododendron commun des jardins, non appr\u00e9ci\u00e9 des abeilles, procurent un miel particuli\u00e8rement pur, d&rsquo;une grande douceur aux propri\u00e9t\u00e9s reconnues pour la souplesse articulaire. La floraison de ces fleurs en long tube \u00e0 cinq lobes d&rsquo;un rose-rouge vif s&rsquo;\u00e9tale de fin mai \u00e0 d\u00e9but ao\u00fbt suivant l&rsquo;altitude d&rsquo;une amplitude tr\u00e8s large : de 1 200 m\u00e8tres \u00e0 2700 m\u00e8tres d&rsquo;altitude. Donc les abeilles pourront butiner les premiers rhododendrons d\u00e8s le d\u00e9but juin \u00e0 l&rsquo;\u00e9tage montagnard et finir d\u00e9but ao\u00fbt en haute montagne sur les cimes du Peguere, de Leytugouse ou de Porcabara. Les rhododendrons pr\u00e9f\u00e8rent les ombr\u00e9es. Craignant les grands froids, ils occupent les versants o\u00f9 la neige persiste en hiver. \u00c0 l&rsquo;abri du soleil, celle-ci ne fond pas et forme pour la v\u00e9g\u00e9tation un \u00e9pais manteau protecteur.<\/p>\n<h3>La myrtille\u00a0sauvage de nos montagnes<\/h3>\n<p>Sur les m\u00eames terrains, les myrtilles cohabitent avec le rhododendron avec une floraison d\u00e8s le mois d&rsquo;avril jusqu&rsquo;\u00e0 d\u00e9but juillet suivant l&rsquo;altitude. L&rsquo;airelle myrtille pousse en abondance sur tous versants mais particuli\u00e8rement au Nord. Les fleurs sont des grelots vert clair \u00e0 pourpre butin\u00e9es largement par les abeilles qui transforment ce nectar en un d\u00e9licieux miel de montagne. Dans les Pyr\u00e9n\u00e9es, les fruits et les feuilles de la myrtille \u00e9taient d\u00e9j\u00e0 utilis\u00e9s par les anciens pour r\u00e9guler le transit intestinal et pour am\u00e9liorer la vue.<\/p>\n<h3>L&rsquo;abeille a besoin d&rsquo;une grande diversit\u00e9 de plantes<\/h3>\n<p>Le gen\u00eat purgatif est une autre fleur voisinant avec le rhododendron d\u00e8s le printemps. Les fleurs jaunes tr\u00e8s parfum\u00e9es, somptueuses, attirent surtout les bourdons mais aussi l&rsquo;abeille mellif\u00e8re. Ces insectes y r\u00e9coltent surtout du pollen car la plante produit assez peu de nectar.<br \/>\nLe sorbier des oiseleurs est un petit arbre tr\u00e8s fr\u00e9quent aux \u00e9tages montagnard et subalpin jusqu&rsquo;\u00e0 2000 m\u00e8tres dans nos vall\u00e9es. Ses fleurs blanc cr\u00e8me au printemps, fournissent un nectar tr\u00e8s appr\u00e9ci\u00e9 des abeilles. A l&rsquo;automne, ses fruits \u00e0 la belle couleur rouge attirent surtout les oiseaux, en particulier les grives qui diss\u00e9minent ses graines. Nombreuses sont les plantes mellif\u00e8res : environ 80% des plantes \u00e0 fleurs.<\/p>\n<blockquote><p>L&rsquo;abeille est un insecte g\u00e9n\u00e9raliste, elle a besoin d&rsquo;une grande diversit\u00e9 de plantes pour satisfaire ses besoins alimentaires. M\u00eame des plantes insignifiantes au sens apicole, sont importantes pour leur sant\u00e9. C&rsquo;est le cas des ronces, framboisier, pissenlit, \u00e9pervi\u00e8res, tussilage, aub\u00e9pine, toutes les vari\u00e9t\u00e9s d&rsquo;apiac\u00e9es. La violette cornue contient du nectar qui attire les insectes et favorise la pollinisation.<\/p><\/blockquote>\n<p>Les nombreuses vari\u00e9t\u00e9s d&rsquo;an\u00e9mones et de renoncules dont celle des Pyr\u00e9n\u00e9es, les primev\u00e8res \u00e0 large feuille, les ancolies, toutes les esp\u00e8ces de chardon et malgr\u00e9 leur mauvaise r\u00e9putation ce sont des plantes tr\u00e8s importantes pour les abeilles dans le courant de l&rsquo;\u00e9t\u00e9.<\/p>\n<h3>L&rsquo;abeille avec le Tilleul \u00e9labore un miel typ\u00e9<\/h3>\n<p>Le tilleul \u00e0 petites fleurs est pr\u00e9sent jusqu&rsquo;au Cambasque et le nectar se retrouve parfois m\u00e9lang\u00e9 \u00e0 celui du rhododendron. Au moment de la floraison les tilleuls ne sont que bourdonnement de d\u00e9but juin \u00e0 juillet. \u00c0 partir du nectar des fleurs jaune p\u00e2le, les abeilles \u00e9laborent un miel tr\u00e8s typ\u00e9, jaune fluorescent \u00e0 l&rsquo;\u00e9tat liquide et couleur ivoire \u00e0 l&rsquo;\u00e9tat solide. Les tilleuls peuvent produire \u00e9galement du miellat gr\u00e2ce aux pucerons tout comme le ch\u00e2taignier. Son caract\u00e8re tr\u00e8s marqu\u00e9 ne laisse pas indiff\u00e9rent.<\/p>\n<h3>Notre tour d&rsquo;horizon se fini avec le Bruy\u00e8re Callune<\/h3>\n<p>La saison de butinage au Cambasque se termine par l&rsquo;incontournable et prolifique bruy\u00e8re de callune pourvoyeuse d&rsquo;un nectar abondant jusqu&rsquo;\u00e0 la fin de l&rsquo;automne. Consid\u00e9r\u00e9 par certains comme le roi des miels, il est difficile \u00e0 extraire car il forme une sorte de bouchon dans les alv\u00e9oles si bien que la seule force des extracteurs classiques ne suffit pas. Il faut au pr\u00e9alable utiliser une picoteuse. Mais une fois r\u00e9colt\u00e9, gr\u00e2ce \u00e0 ses multiples vertus, sa texture caramel et son go\u00fbt prononc\u00e9 inimitable, il ravit le palais des connaisseurs.<\/p>\n","protected":false},"excerpt":{"rendered":"<p>La vall\u00e9e du Cambasque \u00e0 Cauterets offre un biotope particuli\u00e8rement remarquable pour les abeilles. Une vall\u00e9e remplie d&rsquo;histoire Perch\u00e9e \u00e0 1300 m\u00e8tres d&rsquo;altitude \u00e0 la confluence des gaves d&rsquo;Ilh\u00e9ou et du Lis, cette ancienne vall\u00e9e glaciaire orient\u00e9e Ouest-Est accueille une flore mellif\u00e8re tr\u00e8s abondante et vari\u00e9e. Cette vall\u00e9e tire son nom de l&rsquo;ancien campement qu&rsquo;\u00e9tablissaient&hellip; <a class=\"more-link\" href=\"https:\/\/www.ballot-flurin.com\/blog\/plantes-melliferes-de-vallee-cambasque\/\">Poursuivre la lecture<\/a><\/p>\n","protected":false},"author":1,"featured_media":13701,"comment_status":"open","ping_status":"open","sticky":false,"template":"","format":"standard","meta":{"footnotes":""},"categories":[2,7],"tags":[],"class_list":["post-13694","post","type-post","status-publish","format-standard","has-post-thumbnail","hentry","category-apiculture-douce","category-jardins","entry"],"yoast_head":"<!-- This site is optimized with the Yoast SEO plugin v24.0 - https:\/\/yoast.com\/wordpress\/plugins\/seo\/ -->\n<title>Les plantes mellif\u00e8res de la vall\u00e9e du Cambasque - blog<\/title>\n<meta name=\"description\" content=\"Les plantes mellif\u00e8res de la vall\u00e9e du Cambasque | | Actualit\u00e9s Ballot-Flurin\" \/>\n<meta name=\"robots\" content=\"index, follow, max-snippet:-1, max-image-preview:large, max-video-preview:-1\" \/>\n<link rel=\"canonical\" href=\"https:\/\/www.ballot-flurin.com\/blog\/plantes-melliferes-de-vallee-cambasque\/\" \/>\n<meta property=\"og:locale\" content=\"fr_FR\" \/>\n<meta property=\"og:type\" content=\"article\" \/>\n<meta property=\"og:title\" content=\"Les plantes mellif\u00e8res de la vall\u00e9e du Cambasque - blog\" \/>\n<meta property=\"og:description\" content=\"Les plantes mellif\u00e8res de la vall\u00e9e du Cambasque | | Actualit\u00e9s Ballot-Flurin\" \/>\n<meta property=\"og:url\" content=\"https:\/\/www.ballot-flurin.com\/blog\/plantes-melliferes-de-vallee-cambasque\/\" \/>\n<meta property=\"og:site_name\" content=\"Actualit\u00e9s Ballot-Flurin\" \/>\n<meta property=\"article:published_time\" content=\"2020-06-17T12:17:00+00:00\" \/>\n<meta property=\"article:modified_time\" content=\"2022-11-08T10:51:19+00:00\" \/>\n<meta property=\"og:image\" content=\"https:\/\/www.ballot-flurin.com\/blog\/wp-content\/uploads\/Cambasque-2-1-2.jpg\" \/>\n\t<meta property=\"og:image:width\" content=\"1200\" \/>\n\t<meta property=\"og:image:height\" content=\"800\" \/>\n\t<meta property=\"og:image:type\" content=\"image\/jpeg\" \/>\n<meta name=\"author\" content=\"clubweb\" \/>\n<meta name=\"twitter:card\" content=\"summary_large_image\" \/>\n<meta name=\"twitter:label1\" content=\"\u00c9crit par\" \/>\n\t<meta name=\"twitter:data1\" content=\"clubweb\" \/>\n\t<meta name=\"twitter:label2\" content=\"Dur\u00e9e de lecture estim\u00e9e\" \/>\n\t<meta name=\"twitter:data2\" content=\"4 minutes\" \/>\n<script type=\"application\/ld+json\" class=\"yoast-schema-graph\">{\"@context\":\"https:\/\/schema.org\",\"@graph\":[{\"@type\":\"WebPage\",\"@id\":\"https:\/\/www.ballot-flurin.com\/blog\/plantes-melliferes-de-vallee-cambasque\/\",\"url\":\"https:\/\/www.ballot-flurin.com\/blog\/plantes-melliferes-de-vallee-cambasque\/\",\"name\":\"Les plantes mellif\u00e8res de la vall\u00e9e du Cambasque - blog\",\"isPartOf\":{\"@id\":\"https:\/\/www.ballot-flurin.com\/blog\/#website\"},\"primaryImageOfPage\":{\"@id\":\"https:\/\/www.ballot-flurin.com\/blog\/plantes-melliferes-de-vallee-cambasque\/#primaryimage\"},\"image\":{\"@id\":\"https:\/\/www.ballot-flurin.com\/blog\/plantes-melliferes-de-vallee-cambasque\/#primaryimage\"},\"thumbnailUrl\":\"https:\/\/www.ballot-flurin.com\/blog\/wp-content\/uploads\/Cambasque-2-1-2.jpg\",\"datePublished\":\"2020-06-17T12:17:00+00:00\",\"dateModified\":\"2022-11-08T10:51:19+00:00\",\"author\":{\"@id\":\"https:\/\/www.ballot-flurin.com\/blog\/#\/schema\/person\/006b7c7720a89deddd252dad20ef588e\"},\"description\":\"Les plantes mellif\u00e8res de la vall\u00e9e du Cambasque | | Actualit\u00e9s Ballot-Flurin\",\"breadcrumb\":{\"@id\":\"https:\/\/www.ballot-flurin.com\/blog\/plantes-melliferes-de-vallee-cambasque\/#breadcrumb\"},\"inLanguage\":\"fr-FR\",\"potentialAction\":[{\"@type\":\"ReadAction\",\"target\":[\"https:\/\/www.ballot-flurin.com\/blog\/plantes-melliferes-de-vallee-cambasque\/\"]}]},{\"@type\":\"ImageObject\",\"inLanguage\":\"fr-FR\",\"@id\":\"https:\/\/www.ballot-flurin.com\/blog\/plantes-melliferes-de-vallee-cambasque\/#primaryimage\",\"url\":\"https:\/\/www.ballot-flurin.com\/blog\/wp-content\/uploads\/Cambasque-2-1-2.jpg\",\"contentUrl\":\"https:\/\/www.ballot-flurin.com\/blog\/wp-content\/uploads\/Cambasque-2-1-2.jpg\",\"width\":1200,\"height\":800},{\"@type\":\"BreadcrumbList\",\"@id\":\"https:\/\/www.ballot-flurin.com\/blog\/plantes-melliferes-de-vallee-cambasque\/#breadcrumb\",\"itemListElement\":[{\"@type\":\"ListItem\",\"position\":1,\"name\":\"Accueil\",\"item\":\"https:\/\/www.ballot-flurin.com\/blog\/\"},{\"@type\":\"ListItem\",\"position\":2,\"name\":\"Les plantes mellif\u00e8res de la vall\u00e9e du Cambasque\"}]},{\"@type\":\"WebSite\",\"@id\":\"https:\/\/www.ballot-flurin.com\/blog\/#website\",\"url\":\"https:\/\/www.ballot-flurin.com\/blog\/\",\"name\":\"Actualit\u00e9s Ballot-Flurin\",\"description\":\"Voir notre blog\",\"potentialAction\":[{\"@type\":\"SearchAction\",\"target\":{\"@type\":\"EntryPoint\",\"urlTemplate\":\"https:\/\/www.ballot-flurin.com\/blog\/?s={search_term_string}\"},\"query-input\":{\"@type\":\"PropertyValueSpecification\",\"valueRequired\":true,\"valueName\":\"search_term_string\"}}],\"inLanguage\":\"fr-FR\"},{\"@type\":\"Person\",\"@id\":\"https:\/\/www.ballot-flurin.com\/blog\/#\/schema\/person\/006b7c7720a89deddd252dad20ef588e\",\"name\":\"clubweb\",\"image\":{\"@type\":\"ImageObject\",\"inLanguage\":\"fr-FR\",\"@id\":\"https:\/\/www.ballot-flurin.com\/blog\/#\/schema\/person\/image\/\",\"url\":\"https:\/\/secure.gravatar.com\/avatar\/025b8676ccd5df65b0199f1d48f818f1fcfb7cd9238d669caa9e84676fd88ead?s=96&d=mm&r=g\",\"contentUrl\":\"https:\/\/secure.gravatar.com\/avatar\/025b8676ccd5df65b0199f1d48f818f1fcfb7cd9238d669caa9e84676fd88ead?s=96&d=mm&r=g\",\"caption\":\"clubweb\"},\"sameAs\":[\"http:\/\/prestabee.ballot-flurin.com\/blog\"],\"url\":\"https:\/\/www.ballot-flurin.com\/blog\/author\/clubweb\/\"}]}<\/script>\n<!-- \/ Yoast SEO plugin. -->","yoast_head_json":{"title":"Les plantes mellif\u00e8res de la vall\u00e9e du Cambasque - blog","description":"Les plantes mellif\u00e8res de la vall\u00e9e du Cambasque | | Actualit\u00e9s Ballot-Flurin","robots":{"index":"index","follow":"follow","max-snippet":"max-snippet:-1","max-image-preview":"max-image-preview:large","max-video-preview":"max-video-preview:-1"},"canonical":"https:\/\/www.ballot-flurin.com\/blog\/plantes-melliferes-de-vallee-cambasque\/","og_locale":"fr_FR","og_type":"article","og_title":"Les plantes mellif\u00e8res de la vall\u00e9e du Cambasque - blog","og_description":"Les plantes mellif\u00e8res de la vall\u00e9e du Cambasque | | Actualit\u00e9s Ballot-Flurin","og_url":"https:\/\/www.ballot-flurin.com\/blog\/plantes-melliferes-de-vallee-cambasque\/","og_site_name":"Actualit\u00e9s Ballot-Flurin","article_published_time":"2020-06-17T12:17:00+00:00","article_modified_time":"2022-11-08T10:51:19+00:00","og_image":[{"width":1200,"height":800,"url":"https:\/\/www.ballot-flurin.com\/blog\/wp-content\/uploads\/Cambasque-2-1-2.jpg","type":"image\/jpeg"}],"author":"clubweb","twitter_card":"summary_large_image","twitter_misc":{"\u00c9crit par":"clubweb","Dur\u00e9e de lecture estim\u00e9e":"4 minutes"},"schema":{"@context":"https:\/\/schema.org","@graph":[{"@type":"WebPage","@id":"https:\/\/www.ballot-flurin.com\/blog\/plantes-melliferes-de-vallee-cambasque\/","url":"https:\/\/www.ballot-flurin.com\/blog\/plantes-melliferes-de-vallee-cambasque\/","name":"Les plantes mellif\u00e8res de la vall\u00e9e du Cambasque - blog","isPartOf":{"@id":"https:\/\/www.ballot-flurin.com\/blog\/#website"},"primaryImageOfPage":{"@id":"https:\/\/www.ballot-flurin.com\/blog\/plantes-melliferes-de-vallee-cambasque\/#primaryimage"},"image":{"@id":"https:\/\/www.ballot-flurin.com\/blog\/plantes-melliferes-de-vallee-cambasque\/#primaryimage"},"thumbnailUrl":"https:\/\/www.ballot-flurin.com\/blog\/wp-content\/uploads\/Cambasque-2-1-2.jpg","datePublished":"2020-06-17T12:17:00+00:00","dateModified":"2022-11-08T10:51:19+00:00","author":{"@id":"https:\/\/www.ballot-flurin.com\/blog\/#\/schema\/person\/006b7c7720a89deddd252dad20ef588e"},"description":"Les plantes mellif\u00e8res de la vall\u00e9e du Cambasque | | Actualit\u00e9s Ballot-Flurin","breadcrumb":{"@id":"https:\/\/www.ballot-flurin.com\/blog\/plantes-melliferes-de-vallee-cambasque\/#breadcrumb"},"inLanguage":"fr-FR","potentialAction":[{"@type":"ReadAction","target":["https:\/\/www.ballot-flurin.com\/blog\/plantes-melliferes-de-vallee-cambasque\/"]}]},{"@type":"ImageObject","inLanguage":"fr-FR","@id":"https:\/\/www.ballot-flurin.com\/blog\/plantes-melliferes-de-vallee-cambasque\/#primaryimage","url":"https:\/\/www.ballot-flurin.com\/blog\/wp-content\/uploads\/Cambasque-2-1-2.jpg","contentUrl":"https:\/\/www.ballot-flurin.com\/blog\/wp-content\/uploads\/Cambasque-2-1-2.jpg","width":1200,"height":800},{"@type":"BreadcrumbList","@id":"https:\/\/www.ballot-flurin.com\/blog\/plantes-melliferes-de-vallee-cambasque\/#breadcrumb","itemListElement":[{"@type":"ListItem","position":1,"name":"Accueil","item":"https:\/\/www.ballot-flurin.com\/blog\/"},{"@type":"ListItem","position":2,"name":"Les plantes mellif\u00e8res de la vall\u00e9e du Cambasque"}]},{"@type":"WebSite","@id":"https:\/\/www.ballot-flurin.com\/blog\/#website","url":"https:\/\/www.ballot-flurin.com\/blog\/","name":"Actualit\u00e9s Ballot-Flurin","description":"Voir notre blog","potentialAction":[{"@type":"SearchAction","target":{"@type":"EntryPoint","urlTemplate":"https:\/\/www.ballot-flurin.com\/blog\/?s={search_term_string}"},"query-input":{"@type":"PropertyValueSpecification","valueRequired":true,"valueName":"search_term_string"}}],"inLanguage":"fr-FR"},{"@type":"Person","@id":"https:\/\/www.ballot-flurin.com\/blog\/#\/schema\/person\/006b7c7720a89deddd252dad20ef588e","name":"clubweb","image":{"@type":"ImageObject","inLanguage":"fr-FR","@id":"https:\/\/www.ballot-flurin.com\/blog\/#\/schema\/person\/image\/","url":"https:\/\/secure.gravatar.com\/avatar\/025b8676ccd5df65b0199f1d48f818f1fcfb7cd9238d669caa9e84676fd88ead?s=96&d=mm&r=g","contentUrl":"https:\/\/secure.gravatar.com\/avatar\/025b8676ccd5df65b0199f1d48f818f1fcfb7cd9238d669caa9e84676fd88ead?s=96&d=mm&r=g","caption":"clubweb"},"sameAs":["http:\/\/prestabee.ballot-flurin.com\/blog"],"url":"https:\/\/www.ballot-flurin.com\/blog\/author\/clubweb\/"}]}},"_links":{"self":[{"href":"https:\/\/www.ballot-flurin.com\/blog\/wp-json\/wp\/v2\/posts\/13694","targetHints":{"allow":["GET"]}}],"collection":[{"href":"https:\/\/www.ballot-flurin.com\/blog\/wp-json\/wp\/v2\/posts"}],"about":[{"href":"https:\/\/www.ballot-flurin.com\/blog\/wp-json\/wp\/v2\/types\/post"}],"author":[{"embeddable":true,"href":"https:\/\/www.ballot-flurin.com\/blog\/wp-json\/wp\/v2\/users\/1"}],"replies":[{"embeddable":true,"href":"https:\/\/www.ballot-flurin.com\/blog\/wp-json\/wp\/v2\/comments?post=13694"}],"version-history":[{"count":1,"href":"https:\/\/www.ballot-flurin.com\/blog\/wp-json\/wp\/v2\/posts\/13694\/revisions"}],"predecessor-version":[{"id":15133,"href":"https:\/\/www.ballot-flurin.com\/blog\/wp-json\/wp\/v2\/posts\/13694\/revisions\/15133"}],"wp:featuredmedia":[{"embeddable":true,"href":"https:\/\/www.ballot-flurin.com\/blog\/wp-json\/wp\/v2\/media\/13701"}],"wp:attachment":[{"href":"https:\/\/www.ballot-flurin.com\/blog\/wp-json\/wp\/v2\/media?parent=13694"}],"wp:term":[{"taxonomy":"category","embeddable":true,"href":"https:\/\/www.ballot-flurin.com\/blog\/wp-json\/wp\/v2\/categories?post=13694"},{"taxonomy":"post_tag","embeddable":true,"href":"https:\/\/www.ballot-flurin.com\/blog\/wp-json\/wp\/v2\/tags?post=13694"}],"curies":[{"name":"wp","href":"https:\/\/api.w.org\/{rel}","templated":true}]}}